{"id":1136,"date":"2025-12-14T22:23:37","date_gmt":"2025-12-14T22:23:37","guid":{"rendered":"https:\/\/legramonte.com.br\/?p=1136"},"modified":"2025-12-12T22:25:07","modified_gmt":"2025-12-12T22:25:07","slug":"o-evangelho-no-lar-kardecista","status":"publish","type":"post","link":"https:\/\/legramonte.com.br\/index.php\/2025\/12\/14\/o-evangelho-no-lar-kardecista\/","title":{"rendered":"O Evangelho no Lar Kardecista"},"content":{"rendered":"<p><span style=\"font-size: 14pt;\">O Evangelho no Lar \u00e9 uma pr\u00e1tica espiritual importante no Kardecismo, que visa criar um ambiente de paz, amor e uni\u00e3o familiar. Aqui est\u00e1 um passo a passo para realizar o Evangelho no Lar:<\/span><\/p>\n<p><strong><span style=\"font-size: 14pt;\">Prepara\u00e7\u00e3o:<\/span><\/strong><\/p>\n<p><span style=\"font-size: 14pt;\">1. Escolha um hor\u00e1rio: Escolha um hor\u00e1rio fixo para realizar o Evangelho no Lar, preferencialmente no in\u00edcio da noite, quando a fam\u00edlia est\u00e1 reunida.<\/span><br \/>\n<span style=\"font-size: 14pt;\">2. Prepare o ambiente: Cretone o ambiente com uma atmosfera de paz e respeito. Voc\u00ea pode acender velas, incenso ou colocar m\u00fasica suave.<\/span><br \/>\n<span style=\"font-size: 14pt;\">3. Re\u00fana a fam\u00edlia: Re\u00fana todos os membros da fam\u00edlia que estiverem presentes.<\/span><\/p>\n<p><strong><span style=\"font-size: 14pt;\">O Evangelho no Lar:<\/span><\/strong><\/p>\n<p><span style=\"font-size: 14pt;\">1. Abertura: Inicie com uma ora\u00e7\u00e3o, pedindo a Deus que aben\u00e7oe a reuni\u00e3o e ilumine a todos.<\/span><br \/>\n<span style=\"font-size: 14pt;\">2. Leitura: Leia um trecho do Evangelho Segundo o Espiritismo, de Allan Kardec, ou outro livro esp\u00edrita.<\/span><br \/>\n<span style=\"font-size: 14pt;\">3. Estudo e reflex\u00e3o: Discuta o trecho lido, fazendo perguntas e refletindo sobre o significado e a aplica\u00e7\u00e3o pr\u00e1tica na vida di\u00e1ria.<\/span><br \/>\n<span style=\"font-size: 14pt;\">4. Ora\u00e7\u00e3o: Fa\u00e7a uma ora\u00e7\u00e3o, agradecendo a Deus pelas b\u00ean\u00e7\u00e3os recebidas e pedindo ajuda para aplicar os ensinamentos na vida.<\/span><br \/>\n<span style=\"font-size: 14pt;\">5. Encerramento: Encerre a reuni\u00e3o com uma ora\u00e7\u00e3o final, aben\u00e7oando a todos e pedindo prote\u00e7\u00e3o e orienta\u00e7\u00e3o.<\/span><\/p>\n<p><strong><span style=\"font-size: 14pt;\">D\u00edcas:<\/span><\/strong><\/p>\n<p><span style=\"font-size: 14pt;\">&#8211; Respeito: Respeite as opini\u00f5es e cren\u00e7as de todos os membros da fam\u00edlia.<\/span><br \/>\n<span style=\"font-size: 14pt;\">&#8211; Amor: Mantenha um ambiente de amor e respeito.<\/span><br \/>\n<span style=\"font-size: 14pt;\">&#8211; Participa\u00e7\u00e3o: Encoraje a participa\u00e7\u00e3o de todos os membros da fam\u00edlia.<\/span><br \/>\n<span style=\"font-size: 14pt;\">&#8211; Regularidade: Mantenha a regularidade da reuni\u00e3o, mesmo que seja apenas uma vez por semana.<\/span><\/p>\n<p><span style=\"font-size: 14pt;\">Lembre-se de que o Evangelho no Lar \u00e9 uma oportunidade para a fam\u00edlia se reunir e crescer espiritualmente. Seja paciente e flex\u00edvel, e adapte a pr\u00e1tica \u00e0s necessidades\u00a0da\u00a0sua\u00a0fam\u00edlia.<\/span><\/p>\n","protected":false},"excerpt":{"rendered":"<p>O Evangelho no Lar \u00e9 uma pr\u00e1tica espiritual importante no Kardecismo, que visa criar um ambiente de paz, amor e uni\u00e3o familiar. Aqui est\u00e1 um passo a passo para realizar o Evangelho no Lar: Prepara\u00e7\u00e3o: 1. Escolha um hor\u00e1rio: Escolha um hor\u00e1rio fixo para realizar o Evangelho no Lar, preferencialmente no in\u00edcio da noite, quando [&hellip;]<\/p>\n","protected":false},"author":1,"featured_media":0,"comment_status":"closed","ping_status":"closed","sticky":false,"template":"","format":"standard","meta":{"footnotes":""},"categories":[1],"tags":[175,172,174,173],"class_list":["post-1136","post","type-post","status-publish","format-standard","hentry","category-dicas-e-informacoes","tag-espiritismo","tag-evangelho","tag-kardecismo","tag-lar"],"_links":{"self":[{"href":"https:\/\/legramonte.com.br\/index.php\/wp-json\/wp\/v2\/posts\/1136","targetHints":{"allow":["GET"]}}],"collection":[{"href":"https:\/\/legramonte.com.br\/index.php\/wp-json\/wp\/v2\/posts"}],"about":[{"href":"https:\/\/legramonte.com.br\/index.php\/wp-json\/wp\/v2\/types\/post"}],"author":[{"embeddable":true,"href":"https:\/\/legramonte.com.br\/index.php\/wp-json\/wp\/v2\/users\/1"}],"replies":[{"embeddable":true,"href":"https:\/\/legramonte.com.br\/index.php\/wp-json\/wp\/v2\/comments?post=1136"}],"version-history":[{"count":1,"href":"https:\/\/legramonte.com.br\/index.php\/wp-json\/wp\/v2\/posts\/1136\/revisions"}],"predecessor-version":[{"id":1137,"href":"https:\/\/legramonte.com.br\/index.php\/wp-json\/wp\/v2\/posts\/1136\/revisions\/1137"}],"wp:attachment":[{"href":"https:\/\/legramonte.com.br\/index.php\/wp-json\/wp\/v2\/media?parent=1136"}],"wp:term":[{"taxonomy":"category","embeddable":true,"href":"https:\/\/legramonte.com.br\/index.php\/wp-json\/wp\/v2\/categories?post=1136"},{"taxonomy":"post_tag","embeddable":true,"href":"https:\/\/legramonte.com.br\/index.php\/wp-json\/wp\/v2\/tags?post=1136"}],"curies":[{"name":"wp","href":"https:\/\/api.w.org\/{rel}","templated":true}]}}