{"id":1221,"date":"2026-01-29T02:16:31","date_gmt":"2026-01-29T02:16:31","guid":{"rendered":"https:\/\/legramonte.com.br\/?p=1221"},"modified":"2026-01-23T17:17:28","modified_gmt":"2026-01-23T17:17:28","slug":"prece-para-cura-em-momentos-de-doenca","status":"publish","type":"post","link":"https:\/\/legramonte.com.br\/index.php\/2026\/01\/29\/prece-para-cura-em-momentos-de-doenca\/","title":{"rendered":"Prece para Cura em Momentos de Doen\u00e7a."},"content":{"rendered":"<p><span style=\"font-size: 14pt;\">Amado Deus,<\/span><br \/>\n<span style=\"font-size: 14pt;\">Neste momento de fragilidade e dor, venho a Ti com humildade e f\u00e9. Pe\u00e7o que estendas sua m\u00e3o de cura sobre mim e sobre todos aqueles que est\u00e3o enfrentando a doen\u00e7a.<\/span><\/p>\n<p><span style=\"font-size: 14pt;\">Conceda-me for\u00e7a para suportar este desafio,<\/span><br \/>\n<span style=\"font-size: 14pt;\">E que sua luz divina ilumine meu corpo e minha alma.<\/span><br \/>\n<span style=\"font-size: 14pt;\">Que eu possa sentir sua presen\u00e7a ao meu lado,<\/span><br \/>\n<span style=\"font-size: 14pt;\">E que a esperan\u00e7a renas\u00e7a em meu cora\u00e7\u00e3o.<\/span><\/p>\n<p><span style=\"font-size: 14pt;\">Pe\u00e7o por sabedoria para os m\u00e9dicos e profissionais de sa\u00fade,<\/span><br \/>\n<span style=\"font-size: 14pt;\">Que eles possam agir com compet\u00eancia e compaix\u00e3o,<\/span><br \/>\n<span style=\"font-size: 14pt;\">E que cada tratamento seja eficaz e traga al\u00edvio.<\/span><\/p>\n<p><span style=\"font-size: 14pt;\">Aben\u00e7oe tamb\u00e9m aqueles que est\u00e3o ao meu redor,<\/span><br \/>\n<span style=\"font-size: 14pt;\">Que possam ser fontes de amor e apoio,<\/span><br \/>\n<span style=\"font-size: 14pt;\">E que juntos possamos enfrentar esta fase com coragem e f\u00e9.<\/span><\/p>\n<p><span style=\"font-size: 14pt;\">Agrade\u00e7o por cada dia que me \u00e9 dado,<\/span><br \/>\n<span style=\"font-size: 14pt;\">E por todas as b\u00ean\u00e7\u00e3os que j\u00e1 recebi.<\/span><br \/>\n<span style=\"font-size: 14pt;\">Que sua paz envolva a todos n\u00f3s,<\/span><br \/>\n<span style=\"font-size: 14pt;\">E que a cura se manifeste em nossas vidas.<\/span><br \/>\n<span style=\"font-size: 14pt;\">Am\u00e9m.<\/span><\/p>\n","protected":false},"excerpt":{"rendered":"<p>Amado Deus, Neste momento de fragilidade e dor, venho a Ti com humildade e f\u00e9. Pe\u00e7o que estendas sua m\u00e3o de cura sobre mim e sobre todos aqueles que est\u00e3o enfrentando a doen\u00e7a. Conceda-me for\u00e7a para suportar este desafio, E que sua luz divina ilumine meu corpo e minha alma. Que eu possa sentir sua [&hellip;]<\/p>\n","protected":false},"author":1,"featured_media":0,"comment_status":"closed","ping_status":"closed","sticky":false,"template":"","format":"standard","meta":{"footnotes":""},"categories":[1],"tags":[144,141,256],"class_list":["post-1221","post","type-post","status-publish","format-standard","hentry","category-dicas-e-informacoes","tag-cura","tag-prece","tag-saude"],"_links":{"self":[{"href":"https:\/\/legramonte.com.br\/index.php\/wp-json\/wp\/v2\/posts\/1221","targetHints":{"allow":["GET"]}}],"collection":[{"href":"https:\/\/legramonte.com.br\/index.php\/wp-json\/wp\/v2\/posts"}],"about":[{"href":"https:\/\/legramonte.com.br\/index.php\/wp-json\/wp\/v2\/types\/post"}],"author":[{"embeddable":true,"href":"https:\/\/legramonte.com.br\/index.php\/wp-json\/wp\/v2\/users\/1"}],"replies":[{"embeddable":true,"href":"https:\/\/legramonte.com.br\/index.php\/wp-json\/wp\/v2\/comments?post=1221"}],"version-history":[{"count":1,"href":"https:\/\/legramonte.com.br\/index.php\/wp-json\/wp\/v2\/posts\/1221\/revisions"}],"predecessor-version":[{"id":1222,"href":"https:\/\/legramonte.com.br\/index.php\/wp-json\/wp\/v2\/posts\/1221\/revisions\/1222"}],"wp:attachment":[{"href":"https:\/\/legramonte.com.br\/index.php\/wp-json\/wp\/v2\/media?parent=1221"}],"wp:term":[{"taxonomy":"category","embeddable":true,"href":"https:\/\/legramonte.com.br\/index.php\/wp-json\/wp\/v2\/categories?post=1221"},{"taxonomy":"post_tag","embeddable":true,"href":"https:\/\/legramonte.com.br\/index.php\/wp-json\/wp\/v2\/tags?post=1221"}],"curies":[{"name":"wp","href":"https:\/\/api.w.org\/{rel}","templated":true}]}}