{"id":1305,"date":"2026-03-08T21:58:35","date_gmt":"2026-03-08T21:58:35","guid":{"rendered":"https:\/\/legramonte.com.br\/?p=1305"},"modified":"2026-03-08T21:58:35","modified_gmt":"2026-03-08T21:58:35","slug":"prece-para-abrir-a-clarividencia","status":"publish","type":"post","link":"https:\/\/legramonte.com.br\/index.php\/2026\/03\/08\/prece-para-abrir-a-clarividencia\/","title":{"rendered":"Prece para Abrir a Clarivid\u00eancia"},"content":{"rendered":"<p><span style=\"font-size: 14pt;\">\u00d3 Grande Esp\u00edrito,<\/span><br \/>\n<span style=\"font-size: 14pt;\">Fonte de toda sabedoria e luz,<\/span><br \/>\n<span style=\"font-size: 14pt;\">Neste momento, eu me abro para a verdade,<\/span><br \/>\n<span style=\"font-size: 14pt;\">E pe\u00e7o que a minha vis\u00e3o se amplie.<\/span><\/p>\n<p><span style=\"font-size: 14pt;\">Que os meus olhos sejam iluminados,<\/span><br \/>\n<span style=\"font-size: 14pt;\">Para que eu possa ver al\u00e9m do vis\u00edvel,<\/span><br \/>\n<span style=\"font-size: 14pt;\">E que a clareza e a compreens\u00e3o<\/span><br \/>\n<span style=\"font-size: 14pt;\">Sejam derramadas sobre mim.<\/span><\/p>\n<p><span style=\"font-size: 14pt;\">Pe\u00e7o que as energias divinas me envolvam,<\/span><br \/>\n<span style=\"font-size: 14pt;\">Que eu possa receber mensagens e intui\u00e7\u00f5es,<\/span><br \/>\n<span style=\"font-size: 14pt;\">E que a minha mente esteja receptiva,<\/span><br \/>\n<span style=\"font-size: 14pt;\">\u00c0s verdades que est\u00e3o al\u00e9m deste mundo.<\/span><\/p>\n<p><span style=\"font-size: 14pt;\">Que a luz que emana do meu ser<\/span><br \/>\n<span style=\"font-size: 14pt;\">Seja um farol para a sabedoria,<\/span><br \/>\n<span style=\"font-size: 14pt;\">E que eu possa usar essa clarivid\u00eancia<\/span><br \/>\n<span style=\"font-size: 14pt;\">Para o bem maior de todos.<\/span><\/p>\n<p><span style=\"font-size: 14pt;\">Assim seja.<\/span><\/p>\n","protected":false},"excerpt":{"rendered":"<p>\u00d3 Grande Esp\u00edrito, Fonte de toda sabedoria e luz, Neste momento, eu me abro para a verdade, E pe\u00e7o que a minha vis\u00e3o se amplie. Que os meus olhos sejam iluminados, Para que eu possa ver al\u00e9m do vis\u00edvel, E que a clareza e a compreens\u00e3o Sejam derramadas sobre mim. Pe\u00e7o que as energias divinas [&hellip;]<\/p>\n","protected":false},"author":1,"featured_media":0,"comment_status":"closed","ping_status":"closed","sticky":false,"template":"","format":"standard","meta":{"footnotes":""},"categories":[1],"tags":[282,283,141],"class_list":["post-1305","post","type-post","status-publish","format-standard","hentry","category-dicas-e-informacoes","tag-abrir","tag-clarividencia","tag-prece"],"_links":{"self":[{"href":"https:\/\/legramonte.com.br\/index.php\/wp-json\/wp\/v2\/posts\/1305","targetHints":{"allow":["GET"]}}],"collection":[{"href":"https:\/\/legramonte.com.br\/index.php\/wp-json\/wp\/v2\/posts"}],"about":[{"href":"https:\/\/legramonte.com.br\/index.php\/wp-json\/wp\/v2\/types\/post"}],"author":[{"embeddable":true,"href":"https:\/\/legramonte.com.br\/index.php\/wp-json\/wp\/v2\/users\/1"}],"replies":[{"embeddable":true,"href":"https:\/\/legramonte.com.br\/index.php\/wp-json\/wp\/v2\/comments?post=1305"}],"version-history":[{"count":1,"href":"https:\/\/legramonte.com.br\/index.php\/wp-json\/wp\/v2\/posts\/1305\/revisions"}],"predecessor-version":[{"id":1306,"href":"https:\/\/legramonte.com.br\/index.php\/wp-json\/wp\/v2\/posts\/1305\/revisions\/1306"}],"wp:attachment":[{"href":"https:\/\/legramonte.com.br\/index.php\/wp-json\/wp\/v2\/media?parent=1305"}],"wp:term":[{"taxonomy":"category","embeddable":true,"href":"https:\/\/legramonte.com.br\/index.php\/wp-json\/wp\/v2\/categories?post=1305"},{"taxonomy":"post_tag","embeddable":true,"href":"https:\/\/legramonte.com.br\/index.php\/wp-json\/wp\/v2\/tags?post=1305"}],"curies":[{"name":"wp","href":"https:\/\/api.w.org\/{rel}","templated":true}]}}