{"id":1307,"date":"2026-03-10T16:04:22","date_gmt":"2026-03-10T16:04:22","guid":{"rendered":"https:\/\/legramonte.com.br\/?p=1307"},"modified":"2026-03-10T16:04:22","modified_gmt":"2026-03-10T16:04:22","slug":"prece-pela-vitoria-em-causa-trabalhista","status":"publish","type":"post","link":"https:\/\/legramonte.com.br\/index.php\/2026\/03\/10\/prece-pela-vitoria-em-causa-trabalhista\/","title":{"rendered":"Prece pela Vit\u00f3ria em Causa Trabalhista"},"content":{"rendered":"<p><span style=\"font-size: 14pt;\">Senhor Deus,<\/span><br \/>\n<span style=\"font-size: 14pt;\">Neste momento de incerteza e luta, venho a Ti com um cora\u00e7\u00e3o humilde.<\/span><br \/>\n<span style=\"font-size: 14pt;\">Pe\u00e7o que ilumines meu caminho e me concedas sabedoria para enfrentar os desafios que se apresentam.<\/span><\/p>\n<p><span style=\"font-size: 14pt;\">Que a justi\u00e7a prevale\u00e7a em minha causa,<\/span><br \/>\n<span style=\"font-size: 14pt;\">E que a verdade seja revelada.<\/span><br \/>\n<span style=\"font-size: 14pt;\">D\u00e1-me for\u00e7a para suportar as dificuldades,<\/span><br \/>\n<span style=\"font-size: 14pt;\">E coragem para lutar pelos meus direitos.<\/span><\/p>\n<p><span style=\"font-size: 14pt;\">Que todos os envolvidos neste processo sejam guiados pela honestidade e pela integridade.<\/span><br \/>\n<span style=\"font-size: 14pt;\">Que a decis\u00e3o que ser\u00e1 tomada reflita a justi\u00e7a e a equidade.<\/span><\/p>\n<p><span style=\"font-size: 14pt;\">Agrade\u00e7o por me ouvires e por me dares esperan\u00e7a,<\/span><br \/>\n<span style=\"font-size: 14pt;\">Confio em Teu amor e prote\u00e7\u00e3o.<\/span><br \/>\n<span style=\"font-size: 14pt;\">Am\u00e9m.<\/span><\/p>\n","protected":false},"excerpt":{"rendered":"<p>Senhor Deus, Neste momento de incerteza e luta, venho a Ti com um cora\u00e7\u00e3o humilde. Pe\u00e7o que ilumines meu caminho e me concedas sabedoria para enfrentar os desafios que se apresentam. Que a justi\u00e7a prevale\u00e7a em minha causa, E que a verdade seja revelada. D\u00e1-me for\u00e7a para suportar as dificuldades, E coragem para lutar pelos [&hellip;]<\/p>\n","protected":false},"author":1,"featured_media":0,"comment_status":"closed","ping_status":"closed","sticky":false,"template":"","format":"standard","meta":{"footnotes":""},"categories":[1],"tags":[286,141,285,284],"class_list":["post-1307","post","type-post","status-publish","format-standard","hentry","category-dicas-e-informacoes","tag-justica","tag-prece","tag-trabalhista","tag-vitoria"],"_links":{"self":[{"href":"https:\/\/legramonte.com.br\/index.php\/wp-json\/wp\/v2\/posts\/1307","targetHints":{"allow":["GET"]}}],"collection":[{"href":"https:\/\/legramonte.com.br\/index.php\/wp-json\/wp\/v2\/posts"}],"about":[{"href":"https:\/\/legramonte.com.br\/index.php\/wp-json\/wp\/v2\/types\/post"}],"author":[{"embeddable":true,"href":"https:\/\/legramonte.com.br\/index.php\/wp-json\/wp\/v2\/users\/1"}],"replies":[{"embeddable":true,"href":"https:\/\/legramonte.com.br\/index.php\/wp-json\/wp\/v2\/comments?post=1307"}],"version-history":[{"count":1,"href":"https:\/\/legramonte.com.br\/index.php\/wp-json\/wp\/v2\/posts\/1307\/revisions"}],"predecessor-version":[{"id":1308,"href":"https:\/\/legramonte.com.br\/index.php\/wp-json\/wp\/v2\/posts\/1307\/revisions\/1308"}],"wp:attachment":[{"href":"https:\/\/legramonte.com.br\/index.php\/wp-json\/wp\/v2\/media?parent=1307"}],"wp:term":[{"taxonomy":"category","embeddable":true,"href":"https:\/\/legramonte.com.br\/index.php\/wp-json\/wp\/v2\/categories?post=1307"},{"taxonomy":"post_tag","embeddable":true,"href":"https:\/\/legramonte.com.br\/index.php\/wp-json\/wp\/v2\/tags?post=1307"}],"curies":[{"name":"wp","href":"https:\/\/api.w.org\/{rel}","templated":true}]}}